{"id":264,"date":"2026-09-01T13:41:09","date_gmt":"2026-09-01T16:41:09","guid":{"rendered":"https:\/\/fapnews.com.br\/?p=264"},"modified":"2026-09-01T13:46:16","modified_gmt":"2026-09-01T16:46:16","slug":"psicologia-fap-em-destaque-na-pesquisa-cientifica","status":"publish","type":"post","link":"https:\/\/fapnews.com.br\/?p=264","title":{"rendered":"Psicologia FAP em destaque na pesquisa cient\u00edfica!"},"content":{"rendered":"\t\t<div data-elementor-type=\"wp-post\" data-elementor-id=\"264\" class=\"elementor elementor-264\">\n\t\t\t\t<div class=\"elementor-element elementor-element-383b45fd e-flex e-con-boxed e-con e-parent\" data-id=\"383b45fd\" data-element_type=\"container\">\n\t\t\t\t\t<div class=\"e-con-inner\">\n\t\t\t\t<div class=\"elementor-element elementor-element-5b4066d2 elementor-widget elementor-widget-text-editor\" data-id=\"5b4066d2\" data-element_type=\"widget\" data-widget_type=\"text-editor.default\">\n\t\t\t\t<div class=\"elementor-widget-container\">\n\t\t\t\t\t\t\t\t\t\n<p class=\"wp-block-paragraph\"><strong>Emanueli Ribeiro Dionizio representou a Faculdade de Apucarana em evento promovido pela Universidade Estadual de Maring\u00e1 e teve seu trabalho publicado nos Anais Eletr\u00f4nicos do congresso.<\/strong><\/p>\n\n\n\n<p class=\"wp-block-paragraph\">A acad\u00eamica <strong>Emanueli Ribeiro Dionizio<\/strong>, do curso de <strong>Psicologia da Faculdade de Apucarana (FAP)<\/strong>, representou a institui\u00e7\u00e3o no <strong>XI Congresso Internacional de Hist\u00f3ria PPH\/UEM<\/strong>, promovido pela <strong>Universidade Estadual de Maring\u00e1 (UEM)<\/strong>.<\/p>\n\n\n\n<p class=\"wp-block-paragraph\">Durante o evento, Emanueli apresentou o trabalho <strong>\u201cEugenia, Desumaniza\u00e7\u00e3o Nazista e a Potencialidade da Logoterapia na Ressignifica\u00e7\u00e3o do Sofrimento Extremo\u201d<\/strong>, desenvolvido em parceria com a professora <strong>Dra. Camilla Samira de Simoni Bolonhezi<\/strong>.<\/p>\n\n\n\n<h2 class=\"wp-block-heading\">Experi\u00eancia de pesquisa e produ\u00e7\u00e3o cient\u00edfica<\/h2>\n\n\n\n<p class=\"wp-block-paragraph\">A participa\u00e7\u00e3o em um congresso internacional representa uma importante conquista na trajet\u00f3ria acad\u00eamica de Emanueli. A experi\u00eancia proporcionou \u00e0 estudante a oportunidade de <strong>apresentar sua pesquisa, dialogar com outros pesquisadores e inserir sua produ\u00e7\u00e3o em um espa\u00e7o de circula\u00e7\u00e3o cient\u00edfica<\/strong>.<\/p>\n\n\n\n<p class=\"wp-block-paragraph\">Al\u00e9m da apresenta\u00e7\u00e3o durante o congresso, o trabalho tamb\u00e9m foi <strong>publicado nos Anais Eletr\u00f4nicos do evento<\/strong>, consolidando a experi\u00eancia como parte de sua forma\u00e7\u00e3o cient\u00edfica e profissional.<\/p>\n\n\n\n<h2 class=\"wp-block-heading\">Pesquisa e protagonismo na forma\u00e7\u00e3o em Psicologia<\/h2>\n\n\n\n<p class=\"wp-block-paragraph\">A participa\u00e7\u00e3o evidencia a import\u00e2ncia da <strong>pesquisa, da interdisciplinaridade e do protagonismo acad\u00eamico<\/strong> durante a forma\u00e7\u00e3o em Psicologia.<\/p>\n\n\n\n<p class=\"wp-block-paragraph\">Ao produzir e apresentar conhecimento cient\u00edfico, os acad\u00eamicos ampliam seus horizontes e come\u00e7am, ainda durante a gradua\u00e7\u00e3o, a construir uma trajet\u00f3ria comprometida com a <strong>ci\u00eancia e a transforma\u00e7\u00e3o social<\/strong>.<\/p>\n\n\n\n<p class=\"wp-block-paragraph\">A FAP parabeniza <strong>Emanueli Ribeiro Dionizio<\/strong> pela conquista e refor\u00e7a seu compromisso em acompanhar e incentivar seus acad\u00eamicos na constru\u00e7\u00e3o de suas trajet\u00f3rias cient\u00edficas.<\/p>\n\n\n\n<p class=\"wp-block-paragraph\"><strong>FAP | Faculdade de Apucarana<\/strong><br><em>Conhecimento que transforma.<\/em><\/p>\n\t\t\t\t\t\t\t\t<\/div>\n\t\t\t\t<\/div>\n\t\t\t\t\t<\/div>\n\t\t\t\t<\/div>\n\t\t\t\t<\/div>\n\t\t","protected":false},"excerpt":{"rendered":"<p>Emanueli Ribeiro Dionizio representou a Faculdade de Apucarana em evento promovido pela Universidade Estadual de Maring\u00e1 e teve seu trabalho publicado nos Anais Eletr\u00f4nicos do congresso. A acad\u00eamica Emanueli Ribeiro Dionizio, do curso de Psicologia da Faculdade de Apucarana (FAP), representou a institui\u00e7\u00e3o no XI Congresso Internacional de Hist\u00f3ria PPH\/UEM, promovido pela Universidade Estadual de<\/p>\n","protected":false},"author":2,"featured_media":270,"comment_status":"open","ping_status":"open","sticky":false,"template":"","format":"standard","meta":{"footnotes":""},"categories":[1],"tags":[],"class_list":["post-264","post","type-post","status-publish","format-standard","has-post-thumbnail","hentry","category-saude"],"_links":{"self":[{"href":"https:\/\/fapnews.com.br\/index.php?rest_route=\/wp\/v2\/posts\/264","targetHints":{"allow":["GET"]}}],"collection":[{"href":"https:\/\/fapnews.com.br\/index.php?rest_route=\/wp\/v2\/posts"}],"about":[{"href":"https:\/\/fapnews.com.br\/index.php?rest_route=\/wp\/v2\/types\/post"}],"author":[{"embeddable":true,"href":"https:\/\/fapnews.com.br\/index.php?rest_route=\/wp\/v2\/users\/2"}],"replies":[{"embeddable":true,"href":"https:\/\/fapnews.com.br\/index.php?rest_route=%2Fwp%2Fv2%2Fcomments&post=264"}],"version-history":[{"count":7,"href":"https:\/\/fapnews.com.br\/index.php?rest_route=\/wp\/v2\/posts\/264\/revisions"}],"predecessor-version":[{"id":273,"href":"https:\/\/fapnews.com.br\/index.php?rest_route=\/wp\/v2\/posts\/264\/revisions\/273"}],"wp:featuredmedia":[{"embeddable":true,"href":"https:\/\/fapnews.com.br\/index.php?rest_route=\/wp\/v2\/media\/270"}],"wp:attachment":[{"href":"https:\/\/fapnews.com.br\/index.php?rest_route=%2Fwp%2Fv2%2Fmedia&parent=264"}],"wp:term":[{"taxonomy":"category","embeddable":true,"href":"https:\/\/fapnews.com.br\/index.php?rest_route=%2Fwp%2Fv2%2Fcategories&post=264"},{"taxonomy":"post_tag","embeddable":true,"href":"https:\/\/fapnews.com.br\/index.php?rest_route=%2Fwp%2Fv2%2Ftags&post=264"}],"curies":[{"name":"wp","href":"https:\/\/api.w.org\/{rel}","templated":true}]}}