{"id":258,"date":"2026-09-01T12:10:28","date_gmt":"2026-09-01T15:10:28","guid":{"rendered":"https:\/\/fapnews.com.br\/?p=258"},"modified":"2026-09-01T12:13:11","modified_gmt":"2026-09-01T15:13:11","slug":"apucarana-busca-inovacao-e-novas-tecnologias-para-fortalecer-o-setor-produtivo","status":"publish","type":"post","link":"https:\/\/fapnews.com.br\/?p=258","title":{"rendered":"Apucarana busca inova\u00e7\u00e3o e novas tecnologias para fortalecer o setor produtivo"},"content":{"rendered":"\t\t<div data-elementor-type=\"wp-post\" data-elementor-id=\"258\" class=\"elementor elementor-258\">\n\t\t\t\t<div class=\"elementor-element elementor-element-229bf722 e-flex e-con-boxed e-con e-parent\" data-id=\"229bf722\" data-element_type=\"container\">\n\t\t\t\t\t<div class=\"e-con-inner\">\n\t\t\t\t<div class=\"elementor-element elementor-element-21e6cd70 elementor-widget elementor-widget-text-editor\" data-id=\"21e6cd70\" data-element_type=\"widget\" data-widget_type=\"text-editor.default\">\n\t\t\t\t<div class=\"elementor-widget-container\">\n\t\t\t\t\t\t\t\t\t\n<p class=\"wp-block-paragraph\"><strong>Participa\u00e7\u00e3o na Expo+Ind\u00fastria 2026 aproximou o munic\u00edpio de empresas, fornecedores de tecnologia e solu\u00e7\u00f5es voltadas \u00e0 produtividade, inova\u00e7\u00e3o e transforma\u00e7\u00e3o da ind\u00fastria.<\/strong><\/p>\n\n\n\n<p class=\"wp-block-paragraph\">Apucarana esteve presente na Expo+Ind\u00fastria 2026, realizada entre os dias 25 e 27 de agosto, no Expotrade Convention Center, em Pinhais, na Regi\u00e3o Metropolitana de Curitiba. A participa\u00e7\u00e3o teve como objetivo acompanhar tend\u00eancias, conhecer novas tecnologias e identificar oportunidades capazes de contribuir para o desenvolvimento econ\u00f4mico e industrial do munic\u00edpio.<\/p>\n\n\n\n<p class=\"wp-block-paragraph\">Representando a administra\u00e7\u00e3o municipal, o secret\u00e1rio de Ind\u00fastria e Com\u00e9rcio, Neno Leiroz, participou do evento e acompanhou as novidades apresentadas por empresas e institui\u00e7\u00f5es ligadas ao setor industrial. Segundo a Prefeitura, a iniciativa tamb\u00e9m buscou fortalecer relacionamentos e ampliar a possibilidade de novas parcerias para Apucarana.<\/p>\n\n\n\n<h2 class=\"wp-block-heading\">Tecnologia para aumentar a produtividade<\/h2>\n\n\n\n<p class=\"wp-block-paragraph\">A Expo+Ind\u00fastria \u00e9 voltada \u00e0 conex\u00e3o entre ind\u00fastria, tecnologia e inova\u00e7\u00e3o, apresentando solu\u00e7\u00f5es que podem ajudar empresas a modernizar processos e aumentar produtividade, efici\u00eancia e competitividade. A edi\u00e7\u00e3o de 2026 reuniu mais de 70 expositores, al\u00e9m de palestras, apresenta\u00e7\u00f5es tecnol\u00f3gicas e rodada de neg\u00f3cios.<\/p>\n\n\n\n<p class=\"wp-block-paragraph\">O evento tamb\u00e9m colocou empres\u00e1rios e gestores em contato com startups, empresas de tecnologia, fornecedores e especialistas de \u00e1reas como produ\u00e7\u00e3o, opera\u00e7\u00f5es, log\u00edstica, gest\u00e3o e inova\u00e7\u00e3o.<\/p>\n\n\n\n<p class=\"wp-block-paragraph\">Para Apucarana, acompanhar essas transforma\u00e7\u00f5es \u00e9 especialmente importante diante da presen\u00e7a da ind\u00fastria na economia local. A Prefeitura afirma que busca trazer conhecimento, inova\u00e7\u00e3o e novas parcerias que possam contribuir para o fortalecimento das empresas, a qualifica\u00e7\u00e3o dos trabalhadores e a gera\u00e7\u00e3o de oportunidades.<\/p>\n\n\n\n<h2 class=\"wp-block-heading\">Tecnologia e gest\u00e3o cada vez mais conectadas<\/h2>\n\n\n\n<p class=\"wp-block-paragraph\">A transforma\u00e7\u00e3o da ind\u00fastria n\u00e3o depende apenas de novas m\u00e1quinas. Tecnologia da informa\u00e7\u00e3o, an\u00e1lise de dados, gest\u00e3o de processos, planejamento e tomada de decis\u00e3o est\u00e3o cada vez mais integrados \u00e0 rotina das organiza\u00e7\u00f5es.<\/p>\n\n\n\n<p class=\"wp-block-paragraph\">Essa realidade aproxima diretamente \u00e1reas como Sistemas de Informa\u00e7\u00e3o e Administra\u00e7\u00e3o. Enquanto profissionais de tecnologia desenvolvem, implantam e gerenciam sistemas capazes de digitalizar processos e transformar dados em informa\u00e7\u00e3o, administradores precisam avaliar estrat\u00e9gias, recursos, pessoas e resultados para que a inova\u00e7\u00e3o gere valor para as organiza\u00e7\u00f5es.<\/p>\n\n\n\n<p class=\"wp-block-paragraph\">\u00c9 justamente essa integra\u00e7\u00e3o entre diferentes \u00e1reas que ganha espa\u00e7o diante da transforma\u00e7\u00e3o digital da ind\u00fastria.<\/p>\n\n\n\n<h2 class=\"wp-block-heading\">Qualifica\u00e7\u00e3o tamb\u00e9m faz parte da inova\u00e7\u00e3o<\/h2>\n\n\n\n<p class=\"wp-block-paragraph\">A participa\u00e7\u00e3o de representantes do Sesi e Senai junto \u00e0 comitiva tamb\u00e9m colocou a forma\u00e7\u00e3o profissional em pauta. A coordenadora de Educa\u00e7\u00e3o B\u00e1sica do Sesi, Priscila Fontes Veroneze, destacou \u00e0 Prefeitura a import\u00e2ncia de compreender as necessidades do munic\u00edpio e desenvolver solu\u00e7\u00f5es conjuntas para qualifica\u00e7\u00e3o, educa\u00e7\u00e3o e prepara\u00e7\u00e3o das pessoas para as novas demandas industriais.<\/p>\n\n\n\n<p class=\"wp-block-paragraph\">O movimento mostra que acompanhar a evolu\u00e7\u00e3o tecnol\u00f3gica significa tamb\u00e9m preparar profissionais para trabalhar com ela. Para estudantes de Administra\u00e7\u00e3o e Sistemas de Informa\u00e7\u00e3o, esse cen\u00e1rio abre espa\u00e7o para novas compet\u00eancias e possibilidades profissionais em empresas que buscam modernizar seus processos.<\/p>\n\n\n\n<p class=\"wp-block-paragraph\">Com inova\u00e7\u00e3o, gest\u00e3o e tecnologia caminhando cada vez mais juntas, a participa\u00e7\u00e3o de Apucarana na Expo+Ind\u00fastria refor\u00e7a uma discuss\u00e3o importante para o futuro regional: como preparar empresas e profissionais para uma ind\u00fastria cada vez mais digital e competitiva?<\/p>\n\n\n\n<p class=\"wp-block-paragraph\"><strong>Fonte:<\/strong> Prefeitura Municipal de Apucarana e Expo+Ind\u00fastria 2026.<\/p>\n\t\t\t\t\t\t\t\t<\/div>\n\t\t\t\t<\/div>\n\t\t\t\t\t<\/div>\n\t\t\t\t<\/div>\n\t\t\t\t<\/div>\n\t\t","protected":false},"excerpt":{"rendered":"<p>Participa\u00e7\u00e3o na Expo+Ind\u00fastria 2026 aproximou o munic\u00edpio de empresas, fornecedores de tecnologia e solu\u00e7\u00f5es voltadas \u00e0 produtividade, inova\u00e7\u00e3o e transforma\u00e7\u00e3o da ind\u00fastria. Apucarana esteve presente na Expo+Ind\u00fastria 2026, realizada entre os dias 25 e 27 de agosto, no Expotrade Convention Center, em Pinhais, na Regi\u00e3o Metropolitana de Curitiba. A participa\u00e7\u00e3o teve como objetivo acompanhar tend\u00eancias,<\/p>\n","protected":false},"author":2,"featured_media":260,"comment_status":"open","ping_status":"open","sticky":false,"template":"","format":"standard","meta":{"footnotes":""},"categories":[1],"tags":[],"class_list":["post-258","post","type-post","status-publish","format-standard","has-post-thumbnail","hentry","category-saude"],"_links":{"self":[{"href":"https:\/\/fapnews.com.br\/index.php?rest_route=\/wp\/v2\/posts\/258","targetHints":{"allow":["GET"]}}],"collection":[{"href":"https:\/\/fapnews.com.br\/index.php?rest_route=\/wp\/v2\/posts"}],"about":[{"href":"https:\/\/fapnews.com.br\/index.php?rest_route=\/wp\/v2\/types\/post"}],"author":[{"embeddable":true,"href":"https:\/\/fapnews.com.br\/index.php?rest_route=\/wp\/v2\/users\/2"}],"replies":[{"embeddable":true,"href":"https:\/\/fapnews.com.br\/index.php?rest_route=%2Fwp%2Fv2%2Fcomments&post=258"}],"version-history":[{"count":4,"href":"https:\/\/fapnews.com.br\/index.php?rest_route=\/wp\/v2\/posts\/258\/revisions"}],"predecessor-version":[{"id":263,"href":"https:\/\/fapnews.com.br\/index.php?rest_route=\/wp\/v2\/posts\/258\/revisions\/263"}],"wp:featuredmedia":[{"embeddable":true,"href":"https:\/\/fapnews.com.br\/index.php?rest_route=\/wp\/v2\/media\/260"}],"wp:attachment":[{"href":"https:\/\/fapnews.com.br\/index.php?rest_route=%2Fwp%2Fv2%2Fmedia&parent=258"}],"wp:term":[{"taxonomy":"category","embeddable":true,"href":"https:\/\/fapnews.com.br\/index.php?rest_route=%2Fwp%2Fv2%2Fcategories&post=258"},{"taxonomy":"post_tag","embeddable":true,"href":"https:\/\/fapnews.com.br\/index.php?rest_route=%2Fwp%2Fv2%2Ftags&post=258"}],"curies":[{"name":"wp","href":"https:\/\/api.w.org\/{rel}","templated":true}]}}